{"id":4893,"date":"2021-12-14T21:00:00","date_gmt":"2021-12-14T20:00:00","guid":{"rendered":"https:\/\/neighborhub.ch\/gruvatiez\/?post_type=news&#038;p=4893"},"modified":"2022-09-21T07:56:43","modified_gmt":"2022-09-21T05:56:43","slug":"apero-de-noel-et-nouveaux-amenagements","status":"publish","type":"news","link":"https:\/\/notre-quartier.ch\/gruvatiez\/news\/apero-de-noel-et-nouveaux-amenagements\/","title":{"rendered":"Ap\u00e9ro de No\u00ebl et nouveaux am\u00e9nagements"},"content":{"rendered":"\n<p>Le 14 d\u00e9cembre dernier, un ap\u00e9ro de No\u00ebl \u00e9tait organis\u00e9 au local de quartier, dans la bonne humeur et le respect des normes sanitaires.<\/p>\n\n\n\n<p>L&rsquo;occasion \u00e9galement pour les habitant.e.s pr\u00e9sent.e.s de d\u00e9couvrir les nouveaux am\u00e9nagements du local, r\u00e9alis\u00e9s uniquement avec des meubles de seconde-main et des mat\u00e9riaux r\u00e9cup\u00e9r\u00e9s !<\/p>\n\n\n\n<p>Le local pourra prochainement \u00eatre utilis\u00e9 pour des soir\u00e9es jeux, des repas de quartier ou toutes autres activit\u00e9s ! Plus d&rsquo;informations seront communiqu\u00e9es prochainement \ud83d\ude42<\/p>\n","protected":false},"featured_media":4897,"template":"","meta":{"site-sidebar-layout":"default","site-content-layout":"","ast-site-content-layout":"default","site-content-style":"default","site-sidebar-style":"default","ast-global-header-display":"","ast-banner-title-visibility":"","ast-main-header-display":"","ast-hfb-above-header-display":"","ast-hfb-below-header-display":"","ast-hfb-mobile-header-display":"","site-post-title":"","ast-breadcrumbs-content":"","ast-featured-img":"","footer-sml-layout":"","ast-disable-related-posts":"","theme-transparent-header-meta":"","adv-header-id-meta":"","stick-header-meta":"","header-above-stick-meta":"","header-main-stick-meta":"","header-below-stick-meta":"","astra-migrate-meta-layouts":"default","ast-page-background-enabled":"default","ast-page-background-meta":{"desktop":{"background-color":"var(--ast-global-color-4)","background-image":"","background-repeat":"repeat","background-position":"center center","background-size":"auto","background-attachment":"scroll","background-type":"","background-media":"","overlay-type":"","overlay-color":"","overlay-opacity":"","overlay-gradient":""},"tablet":{"background-color":"","background-image":"","background-repeat":"repeat","background-position":"center center","background-size":"auto","background-attachment":"scroll","background-type":"","background-media":"","overlay-type":"","overlay-color":"","overlay-opacity":"","overlay-gradient":""},"mobile":{"background-color":"","background-image":"","background-repeat":"repeat","background-position":"center center","background-size":"auto","background-attachment":"scroll","background-type":"","background-media":"","overlay-type":"","overlay-color":"","overlay-opacity":"","overlay-gradient":""}},"ast-content-background-meta":{"desktop":{"background-color":"var(--ast-global-color-5)","background-image":"","background-repeat":"repeat","background-position":"center center","background-size":"auto","background-attachment":"scroll","background-type":"","background-media":"","overlay-type":"","overlay-color":"","overlay-opacity":"","overlay-gradient":""},"tablet":{"background-color":"var(--ast-global-color-5)","background-image":"","background-repeat":"repeat","background-position":"center center","background-size":"auto","background-attachment":"scroll","background-type":"","background-media":"","overlay-type":"","overlay-color":"","overlay-opacity":"","overlay-gradient":""},"mobile":{"background-color":"var(--ast-global-color-5)","background-image":"","background-repeat":"repeat","background-position":"center center","background-size":"auto","background-attachment":"scroll","background-type":"","background-media":"","overlay-type":"","overlay-color":"","overlay-opacity":"","overlay-gradient":""}}},"class_list":["post-4893","news","type-news","status-publish","has-post-thumbnail","hentry"],"yoast_head":"<!-- This site is optimized with the Yoast SEO plugin v27.2 - https:\/\/yoast.com\/product\/yoast-seo-wordpress\/ -->\n<title>Ap\u00e9ro de No\u00ebl et nouveaux am\u00e9nagements - Gruvatiez - Orbe<\/title>\n<meta name=\"robots\" content=\"index, follow, max-snippet:-1, max-image-preview:large, max-video-preview:-1\" \/>\n<link rel=\"canonical\" href=\"https:\/\/notre-quartier.ch\/gruvatiez\/news\/apero-de-noel-et-nouveaux-amenagements\/\" \/>\n<meta property=\"og:locale\" content=\"fr_FR\" \/>\n<meta property=\"og:type\" content=\"article\" \/>\n<meta property=\"og:title\" content=\"Ap\u00e9ro de No\u00ebl et nouveaux am\u00e9nagements - Gruvatiez - Orbe\" \/>\n<meta property=\"og:description\" content=\"Le 14 d\u00e9cembre dernier, un ap\u00e9ro de No\u00ebl \u00e9tait organis\u00e9 au local de quartier, dans la bonne humeur et le respect des normes sanitaires. L&rsquo;occasion \u00e9galement pour les habitant.e.s pr\u00e9sent.e.s [&hellip;]\" \/>\n<meta property=\"og:url\" content=\"https:\/\/notre-quartier.ch\/gruvatiez\/news\/apero-de-noel-et-nouveaux-amenagements\/\" \/>\n<meta property=\"og:site_name\" content=\"Gruvatiez - Orbe\" \/>\n<meta property=\"article:modified_time\" content=\"2022-09-21T05:56:43+00:00\" \/>\n<meta property=\"og:image\" content=\"https:\/\/notre-quartier.ch\/gruvatiez\/wp-content\/uploads\/sites\/2\/2022\/01\/Local-depuis-la-rue-scaled.jpg\" \/>\n\t<meta property=\"og:image:width\" content=\"2560\" \/>\n\t<meta property=\"og:image:height\" content=\"1707\" \/>\n\t<meta property=\"og:image:type\" content=\"image\/jpeg\" \/>\n<meta name=\"twitter:card\" content=\"summary_large_image\" \/>\n<script type=\"application\/ld+json\" class=\"yoast-schema-graph\">{\"@context\":\"https:\/\/schema.org\",\"@graph\":[{\"@type\":\"WebPage\",\"@id\":\"https:\/\/notre-quartier.ch\/gruvatiez\/news\/apero-de-noel-et-nouveaux-amenagements\/\",\"url\":\"https:\/\/notre-quartier.ch\/gruvatiez\/news\/apero-de-noel-et-nouveaux-amenagements\/\",\"name\":\"Ap\u00e9ro de No\u00ebl et nouveaux am\u00e9nagements - Gruvatiez - Orbe\",\"isPartOf\":{\"@id\":\"https:\/\/notre-quartier.ch\/gruvatiez\/#website\"},\"primaryImageOfPage\":{\"@id\":\"https:\/\/notre-quartier.ch\/gruvatiez\/news\/apero-de-noel-et-nouveaux-amenagements\/#primaryimage\"},\"image\":{\"@id\":\"https:\/\/notre-quartier.ch\/gruvatiez\/news\/apero-de-noel-et-nouveaux-amenagements\/#primaryimage\"},\"thumbnailUrl\":\"https:\/\/notre-quartier.ch\/gruvatiez\/wp-content\/uploads\/sites\/2\/2022\/01\/Local-depuis-la-rue-scaled.jpg\",\"datePublished\":\"2021-12-14T20:00:00+00:00\",\"dateModified\":\"2022-09-21T05:56:43+00:00\",\"breadcrumb\":{\"@id\":\"https:\/\/notre-quartier.ch\/gruvatiez\/news\/apero-de-noel-et-nouveaux-amenagements\/#breadcrumb\"},\"inLanguage\":\"fr-FR\",\"potentialAction\":[{\"@type\":\"ReadAction\",\"target\":[\"https:\/\/notre-quartier.ch\/gruvatiez\/news\/apero-de-noel-et-nouveaux-amenagements\/\"]}]},{\"@type\":\"ImageObject\",\"inLanguage\":\"fr-FR\",\"@id\":\"https:\/\/notre-quartier.ch\/gruvatiez\/news\/apero-de-noel-et-nouveaux-amenagements\/#primaryimage\",\"url\":\"https:\/\/notre-quartier.ch\/gruvatiez\/wp-content\/uploads\/sites\/2\/2022\/01\/Local-depuis-la-rue-scaled.jpg\",\"contentUrl\":\"https:\/\/notre-quartier.ch\/gruvatiez\/wp-content\/uploads\/sites\/2\/2022\/01\/Local-depuis-la-rue-scaled.jpg\",\"width\":2560,\"height\":1707},{\"@type\":\"BreadcrumbList\",\"@id\":\"https:\/\/notre-quartier.ch\/gruvatiez\/news\/apero-de-noel-et-nouveaux-amenagements\/#breadcrumb\",\"itemListElement\":[{\"@type\":\"ListItem\",\"position\":1,\"name\":\"Accueil\",\"item\":\"https:\/\/notre-quartier.ch\/gruvatiez\/\"},{\"@type\":\"ListItem\",\"position\":2,\"name\":\"News\",\"item\":\"https:\/\/notre-quartier.ch\/gruvatiez\/news\/\"},{\"@type\":\"ListItem\",\"position\":3,\"name\":\"Ap\u00e9ro de No\u00ebl et nouveaux am\u00e9nagements\"}]},{\"@type\":\"WebSite\",\"@id\":\"https:\/\/notre-quartier.ch\/gruvatiez\/#website\",\"url\":\"https:\/\/notre-quartier.ch\/gruvatiez\/\",\"name\":\"Association des habitant\u00b7es de Gruvatiez - Orbe\",\"description\":\"\",\"publisher\":{\"@id\":\"https:\/\/notre-quartier.ch\/gruvatiez\/#organization\"},\"potentialAction\":[{\"@type\":\"SearchAction\",\"target\":{\"@type\":\"EntryPoint\",\"urlTemplate\":\"https:\/\/notre-quartier.ch\/gruvatiez\/?s={search_term_string}\"},\"query-input\":{\"@type\":\"PropertyValueSpecification\",\"valueRequired\":true,\"valueName\":\"search_term_string\"}}],\"inLanguage\":\"fr-FR\"},{\"@type\":\"Organization\",\"@id\":\"https:\/\/notre-quartier.ch\/gruvatiez\/#organization\",\"name\":\"Site du Quartier Gruvatiez\",\"alternateName\":\"Quartier Gruvatiez\",\"url\":\"https:\/\/notre-quartier.ch\/gruvatiez\/\",\"logo\":{\"@type\":\"ImageObject\",\"inLanguage\":\"fr-FR\",\"@id\":\"https:\/\/notre-quartier.ch\/gruvatiez\/#\/schema\/logo\/image\/\",\"url\":\"https:\/\/notre-quartier.ch\/gruvatiez\/wp-content\/uploads\/sites\/2\/2026\/03\/house_gruvatiez.svg\",\"contentUrl\":\"https:\/\/notre-quartier.ch\/gruvatiez\/wp-content\/uploads\/sites\/2\/2026\/03\/house_gruvatiez.svg\",\"width\":78,\"height\":78,\"caption\":\"Site du Quartier Gruvatiez\"},\"image\":{\"@id\":\"https:\/\/notre-quartier.ch\/gruvatiez\/#\/schema\/logo\/image\/\"}}]}<\/script>\n<!-- \/ Yoast SEO plugin. -->","yoast_head_json":{"title":"Ap\u00e9ro de No\u00ebl et nouveaux am\u00e9nagements - Gruvatiez - Orbe","robots":{"index":"index","follow":"follow","max-snippet":"max-snippet:-1","max-image-preview":"max-image-preview:large","max-video-preview":"max-video-preview:-1"},"canonical":"https:\/\/notre-quartier.ch\/gruvatiez\/news\/apero-de-noel-et-nouveaux-amenagements\/","og_locale":"fr_FR","og_type":"article","og_title":"Ap\u00e9ro de No\u00ebl et nouveaux am\u00e9nagements - Gruvatiez - Orbe","og_description":"Le 14 d\u00e9cembre dernier, un ap\u00e9ro de No\u00ebl \u00e9tait organis\u00e9 au local de quartier, dans la bonne humeur et le respect des normes sanitaires. L&rsquo;occasion \u00e9galement pour les habitant.e.s pr\u00e9sent.e.s [&hellip;]","og_url":"https:\/\/notre-quartier.ch\/gruvatiez\/news\/apero-de-noel-et-nouveaux-amenagements\/","og_site_name":"Gruvatiez - Orbe","article_modified_time":"2022-09-21T05:56:43+00:00","og_image":[{"width":2560,"height":1707,"url":"https:\/\/notre-quartier.ch\/gruvatiez\/wp-content\/uploads\/sites\/2\/2022\/01\/Local-depuis-la-rue-scaled.jpg","type":"image\/jpeg"}],"twitter_card":"summary_large_image","schema":{"@context":"https:\/\/schema.org","@graph":[{"@type":"WebPage","@id":"https:\/\/notre-quartier.ch\/gruvatiez\/news\/apero-de-noel-et-nouveaux-amenagements\/","url":"https:\/\/notre-quartier.ch\/gruvatiez\/news\/apero-de-noel-et-nouveaux-amenagements\/","name":"Ap\u00e9ro de No\u00ebl et nouveaux am\u00e9nagements - Gruvatiez - Orbe","isPartOf":{"@id":"https:\/\/notre-quartier.ch\/gruvatiez\/#website"},"primaryImageOfPage":{"@id":"https:\/\/notre-quartier.ch\/gruvatiez\/news\/apero-de-noel-et-nouveaux-amenagements\/#primaryimage"},"image":{"@id":"https:\/\/notre-quartier.ch\/gruvatiez\/news\/apero-de-noel-et-nouveaux-amenagements\/#primaryimage"},"thumbnailUrl":"https:\/\/notre-quartier.ch\/gruvatiez\/wp-content\/uploads\/sites\/2\/2022\/01\/Local-depuis-la-rue-scaled.jpg","datePublished":"2021-12-14T20:00:00+00:00","dateModified":"2022-09-21T05:56:43+00:00","breadcrumb":{"@id":"https:\/\/notre-quartier.ch\/gruvatiez\/news\/apero-de-noel-et-nouveaux-amenagements\/#breadcrumb"},"inLanguage":"fr-FR","potentialAction":[{"@type":"ReadAction","target":["https:\/\/notre-quartier.ch\/gruvatiez\/news\/apero-de-noel-et-nouveaux-amenagements\/"]}]},{"@type":"ImageObject","inLanguage":"fr-FR","@id":"https:\/\/notre-quartier.ch\/gruvatiez\/news\/apero-de-noel-et-nouveaux-amenagements\/#primaryimage","url":"https:\/\/notre-quartier.ch\/gruvatiez\/wp-content\/uploads\/sites\/2\/2022\/01\/Local-depuis-la-rue-scaled.jpg","contentUrl":"https:\/\/notre-quartier.ch\/gruvatiez\/wp-content\/uploads\/sites\/2\/2022\/01\/Local-depuis-la-rue-scaled.jpg","width":2560,"height":1707},{"@type":"BreadcrumbList","@id":"https:\/\/notre-quartier.ch\/gruvatiez\/news\/apero-de-noel-et-nouveaux-amenagements\/#breadcrumb","itemListElement":[{"@type":"ListItem","position":1,"name":"Accueil","item":"https:\/\/notre-quartier.ch\/gruvatiez\/"},{"@type":"ListItem","position":2,"name":"News","item":"https:\/\/notre-quartier.ch\/gruvatiez\/news\/"},{"@type":"ListItem","position":3,"name":"Ap\u00e9ro de No\u00ebl et nouveaux am\u00e9nagements"}]},{"@type":"WebSite","@id":"https:\/\/notre-quartier.ch\/gruvatiez\/#website","url":"https:\/\/notre-quartier.ch\/gruvatiez\/","name":"Association des habitant\u00b7es de Gruvatiez - Orbe","description":"","publisher":{"@id":"https:\/\/notre-quartier.ch\/gruvatiez\/#organization"},"potentialAction":[{"@type":"SearchAction","target":{"@type":"EntryPoint","urlTemplate":"https:\/\/notre-quartier.ch\/gruvatiez\/?s={search_term_string}"},"query-input":{"@type":"PropertyValueSpecification","valueRequired":true,"valueName":"search_term_string"}}],"inLanguage":"fr-FR"},{"@type":"Organization","@id":"https:\/\/notre-quartier.ch\/gruvatiez\/#organization","name":"Site du Quartier Gruvatiez","alternateName":"Quartier Gruvatiez","url":"https:\/\/notre-quartier.ch\/gruvatiez\/","logo":{"@type":"ImageObject","inLanguage":"fr-FR","@id":"https:\/\/notre-quartier.ch\/gruvatiez\/#\/schema\/logo\/image\/","url":"https:\/\/notre-quartier.ch\/gruvatiez\/wp-content\/uploads\/sites\/2\/2026\/03\/house_gruvatiez.svg","contentUrl":"https:\/\/notre-quartier.ch\/gruvatiez\/wp-content\/uploads\/sites\/2\/2026\/03\/house_gruvatiez.svg","width":78,"height":78,"caption":"Site du Quartier Gruvatiez"},"image":{"@id":"https:\/\/notre-quartier.ch\/gruvatiez\/#\/schema\/logo\/image\/"}}]}},"_links":{"self":[{"href":"https:\/\/notre-quartier.ch\/gruvatiez\/wp-json\/wp\/v2\/news\/4893","targetHints":{"allow":["GET"]}}],"collection":[{"href":"https:\/\/notre-quartier.ch\/gruvatiez\/wp-json\/wp\/v2\/news"}],"about":[{"href":"https:\/\/notre-quartier.ch\/gruvatiez\/wp-json\/wp\/v2\/types\/news"}],"wp:featuredmedia":[{"embeddable":true,"href":"https:\/\/notre-quartier.ch\/gruvatiez\/wp-json\/wp\/v2\/media\/4897"}],"wp:attachment":[{"href":"https:\/\/notre-quartier.ch\/gruvatiez\/wp-json\/wp\/v2\/media?parent=4893"}],"curies":[{"name":"wp","href":"https:\/\/api.w.org\/{rel}","templated":true}]}}