{"id":4862,"date":"2021-11-06T12:00:00","date_gmt":"2021-11-06T11:00:00","guid":{"rendered":"https:\/\/neighborhub.ch\/gruvatiez\/?post_type=news&#038;p=4862"},"modified":"2022-09-21T07:56:22","modified_gmt":"2022-09-21T05:56:22","slug":"plantation-darbres-fruitiers","status":"publish","type":"news","link":"https:\/\/notre-quartier.ch\/gruvatiez\/news\/plantation-darbres-fruitiers\/","title":{"rendered":"Plantation d&rsquo;arbres fruitiers"},"content":{"rendered":"\n<p>A la Ste-Catherine, tout bois prend racine, dit-on. Le 6 novembre, pour respecter cet adage pr\u00e9dicteur de r\u00e9ussite, les trois premiers arbres fruitiers du verger de Gruvatiez ont trouv\u00e9 leurs places au pied des immeubles A4 et A5. Cette plantation sous la forme d\u2019un petit \u00e9v\u00e9nement convivial organis\u00e9 par be \u00d4div\u2019 a r\u00e9uni les habitants du quartier autour de savoir-faire en la mati\u00e8re. La coop\u00e9rative L\u2019Autre Temps, exploitant du Pressoir d\u2019Orbe et Raymond Dutoit voisin du quartier et arboriculteur, ont ainsi guid\u00e9 les gestes des participants. Planter \u00e0 racines nues demande quelques comp\u00e9tences.<\/p>\n\n\n\n<p>A terme, le verger s\u2019\u00e9tendra sur l\u2019ensemble du projet, en bouquets d\u2019arbres de vari\u00e9t\u00e9s anciennes et locales. Ainsi, \u00e0 Gruvatiez, nous contribuons \u00e0 la conservation du patrimoine fruitier. Un verger, c&rsquo;est aussi une promesse de joyeux moments de r\u00e9colte.<\/p>\n","protected":false},"featured_media":4867,"template":"","meta":{"site-sidebar-layout":"default","site-content-layout":"","ast-site-content-layout":"default","site-content-style":"default","site-sidebar-style":"default","ast-global-header-display":"","ast-banner-title-visibility":"","ast-main-header-display":"","ast-hfb-above-header-display":"","ast-hfb-below-header-display":"","ast-hfb-mobile-header-display":"","site-post-title":"","ast-breadcrumbs-content":"","ast-featured-img":"","footer-sml-layout":"","ast-disable-related-posts":"","theme-transparent-header-meta":"","adv-header-id-meta":"","stick-header-meta":"","header-above-stick-meta":"","header-main-stick-meta":"","header-below-stick-meta":"","astra-migrate-meta-layouts":"default","ast-page-background-enabled":"default","ast-page-background-meta":{"desktop":{"background-color":"var(--ast-global-color-4)","background-image":"","background-repeat":"repeat","background-position":"center center","background-size":"auto","background-attachment":"scroll","background-type":"","background-media":"","overlay-type":"","overlay-color":"","overlay-opacity":"","overlay-gradient":""},"tablet":{"background-color":"","background-image":"","background-repeat":"repeat","background-position":"center center","background-size":"auto","background-attachment":"scroll","background-type":"","background-media":"","overlay-type":"","overlay-color":"","overlay-opacity":"","overlay-gradient":""},"mobile":{"background-color":"","background-image":"","background-repeat":"repeat","background-position":"center center","background-size":"auto","background-attachment":"scroll","background-type":"","background-media":"","overlay-type":"","overlay-color":"","overlay-opacity":"","overlay-gradient":""}},"ast-content-background-meta":{"desktop":{"background-color":"var(--ast-global-color-5)","background-image":"","background-repeat":"repeat","background-position":"center center","background-size":"auto","background-attachment":"scroll","background-type":"","background-media":"","overlay-type":"","overlay-color":"","overlay-opacity":"","overlay-gradient":""},"tablet":{"background-color":"var(--ast-global-color-5)","background-image":"","background-repeat":"repeat","background-position":"center center","background-size":"auto","background-attachment":"scroll","background-type":"","background-media":"","overlay-type":"","overlay-color":"","overlay-opacity":"","overlay-gradient":""},"mobile":{"background-color":"var(--ast-global-color-5)","background-image":"","background-repeat":"repeat","background-position":"center center","background-size":"auto","background-attachment":"scroll","background-type":"","background-media":"","overlay-type":"","overlay-color":"","overlay-opacity":"","overlay-gradient":""}}},"class_list":["post-4862","news","type-news","status-publish","has-post-thumbnail","hentry"],"yoast_head":"<!-- This site is optimized with the Yoast SEO plugin v27.2 - https:\/\/yoast.com\/product\/yoast-seo-wordpress\/ -->\n<title>Plantation d&#039;arbres fruitiers - Gruvatiez - Orbe<\/title>\n<meta name=\"robots\" content=\"index, follow, max-snippet:-1, max-image-preview:large, max-video-preview:-1\" \/>\n<link rel=\"canonical\" href=\"https:\/\/notre-quartier.ch\/gruvatiez\/news\/plantation-darbres-fruitiers\/\" \/>\n<meta property=\"og:locale\" content=\"fr_FR\" \/>\n<meta property=\"og:type\" content=\"article\" \/>\n<meta property=\"og:title\" content=\"Plantation d&#039;arbres fruitiers - Gruvatiez - Orbe\" \/>\n<meta property=\"og:description\" content=\"A la Ste-Catherine, tout bois prend racine, dit-on. Le 6 novembre, pour respecter cet adage pr\u00e9dicteur de r\u00e9ussite, les trois premiers arbres fruitiers du verger de Gruvatiez ont trouv\u00e9 leurs [&hellip;]\" \/>\n<meta property=\"og:url\" content=\"https:\/\/notre-quartier.ch\/gruvatiez\/news\/plantation-darbres-fruitiers\/\" \/>\n<meta property=\"og:site_name\" content=\"Gruvatiez - Orbe\" \/>\n<meta property=\"article:modified_time\" content=\"2022-09-21T05:56:22+00:00\" \/>\n<meta property=\"og:image\" content=\"https:\/\/notre-quartier.ch\/gruvatiez\/wp-content\/uploads\/sites\/2\/2021\/12\/IMG_8303-scaled.jpg\" \/>\n\t<meta property=\"og:image:width\" content=\"2560\" \/>\n\t<meta property=\"og:image:height\" content=\"1920\" \/>\n\t<meta property=\"og:image:type\" content=\"image\/jpeg\" \/>\n<meta name=\"twitter:card\" content=\"summary_large_image\" \/>\n<meta name=\"twitter:label1\" content=\"Dur\u00e9e de lecture estim\u00e9e\" \/>\n\t<meta name=\"twitter:data1\" content=\"1 minute\" \/>\n<script type=\"application\/ld+json\" class=\"yoast-schema-graph\">{\"@context\":\"https:\/\/schema.org\",\"@graph\":[{\"@type\":\"WebPage\",\"@id\":\"https:\/\/notre-quartier.ch\/gruvatiez\/news\/plantation-darbres-fruitiers\/\",\"url\":\"https:\/\/notre-quartier.ch\/gruvatiez\/news\/plantation-darbres-fruitiers\/\",\"name\":\"Plantation d'arbres fruitiers - Gruvatiez - Orbe\",\"isPartOf\":{\"@id\":\"https:\/\/notre-quartier.ch\/gruvatiez\/#website\"},\"primaryImageOfPage\":{\"@id\":\"https:\/\/notre-quartier.ch\/gruvatiez\/news\/plantation-darbres-fruitiers\/#primaryimage\"},\"image\":{\"@id\":\"https:\/\/notre-quartier.ch\/gruvatiez\/news\/plantation-darbres-fruitiers\/#primaryimage\"},\"thumbnailUrl\":\"https:\/\/notre-quartier.ch\/gruvatiez\/wp-content\/uploads\/sites\/2\/2021\/12\/IMG_8303-scaled.jpg\",\"datePublished\":\"2021-11-06T11:00:00+00:00\",\"dateModified\":\"2022-09-21T05:56:22+00:00\",\"breadcrumb\":{\"@id\":\"https:\/\/notre-quartier.ch\/gruvatiez\/news\/plantation-darbres-fruitiers\/#breadcrumb\"},\"inLanguage\":\"fr-FR\",\"potentialAction\":[{\"@type\":\"ReadAction\",\"target\":[\"https:\/\/notre-quartier.ch\/gruvatiez\/news\/plantation-darbres-fruitiers\/\"]}]},{\"@type\":\"ImageObject\",\"inLanguage\":\"fr-FR\",\"@id\":\"https:\/\/notre-quartier.ch\/gruvatiez\/news\/plantation-darbres-fruitiers\/#primaryimage\",\"url\":\"https:\/\/notre-quartier.ch\/gruvatiez\/wp-content\/uploads\/sites\/2\/2021\/12\/IMG_8303-scaled.jpg\",\"contentUrl\":\"https:\/\/notre-quartier.ch\/gruvatiez\/wp-content\/uploads\/sites\/2\/2021\/12\/IMG_8303-scaled.jpg\",\"width\":2560,\"height\":1920},{\"@type\":\"BreadcrumbList\",\"@id\":\"https:\/\/notre-quartier.ch\/gruvatiez\/news\/plantation-darbres-fruitiers\/#breadcrumb\",\"itemListElement\":[{\"@type\":\"ListItem\",\"position\":1,\"name\":\"Accueil\",\"item\":\"https:\/\/notre-quartier.ch\/gruvatiez\/\"},{\"@type\":\"ListItem\",\"position\":2,\"name\":\"News\",\"item\":\"https:\/\/notre-quartier.ch\/gruvatiez\/news\/\"},{\"@type\":\"ListItem\",\"position\":3,\"name\":\"Plantation d&rsquo;arbres fruitiers\"}]},{\"@type\":\"WebSite\",\"@id\":\"https:\/\/notre-quartier.ch\/gruvatiez\/#website\",\"url\":\"https:\/\/notre-quartier.ch\/gruvatiez\/\",\"name\":\"Association des habitant\u00b7es de Gruvatiez - Orbe\",\"description\":\"\",\"publisher\":{\"@id\":\"https:\/\/notre-quartier.ch\/gruvatiez\/#organization\"},\"potentialAction\":[{\"@type\":\"SearchAction\",\"target\":{\"@type\":\"EntryPoint\",\"urlTemplate\":\"https:\/\/notre-quartier.ch\/gruvatiez\/?s={search_term_string}\"},\"query-input\":{\"@type\":\"PropertyValueSpecification\",\"valueRequired\":true,\"valueName\":\"search_term_string\"}}],\"inLanguage\":\"fr-FR\"},{\"@type\":\"Organization\",\"@id\":\"https:\/\/notre-quartier.ch\/gruvatiez\/#organization\",\"name\":\"Site du Quartier Gruvatiez\",\"alternateName\":\"Quartier Gruvatiez\",\"url\":\"https:\/\/notre-quartier.ch\/gruvatiez\/\",\"logo\":{\"@type\":\"ImageObject\",\"inLanguage\":\"fr-FR\",\"@id\":\"https:\/\/notre-quartier.ch\/gruvatiez\/#\/schema\/logo\/image\/\",\"url\":\"https:\/\/notre-quartier.ch\/gruvatiez\/wp-content\/uploads\/sites\/2\/2026\/03\/house_gruvatiez.svg\",\"contentUrl\":\"https:\/\/notre-quartier.ch\/gruvatiez\/wp-content\/uploads\/sites\/2\/2026\/03\/house_gruvatiez.svg\",\"width\":78,\"height\":78,\"caption\":\"Site du Quartier Gruvatiez\"},\"image\":{\"@id\":\"https:\/\/notre-quartier.ch\/gruvatiez\/#\/schema\/logo\/image\/\"}}]}<\/script>\n<!-- \/ Yoast SEO plugin. -->","yoast_head_json":{"title":"Plantation d'arbres fruitiers - Gruvatiez - Orbe","robots":{"index":"index","follow":"follow","max-snippet":"max-snippet:-1","max-image-preview":"max-image-preview:large","max-video-preview":"max-video-preview:-1"},"canonical":"https:\/\/notre-quartier.ch\/gruvatiez\/news\/plantation-darbres-fruitiers\/","og_locale":"fr_FR","og_type":"article","og_title":"Plantation d'arbres fruitiers - Gruvatiez - Orbe","og_description":"A la Ste-Catherine, tout bois prend racine, dit-on. Le 6 novembre, pour respecter cet adage pr\u00e9dicteur de r\u00e9ussite, les trois premiers arbres fruitiers du verger de Gruvatiez ont trouv\u00e9 leurs [&hellip;]","og_url":"https:\/\/notre-quartier.ch\/gruvatiez\/news\/plantation-darbres-fruitiers\/","og_site_name":"Gruvatiez - Orbe","article_modified_time":"2022-09-21T05:56:22+00:00","og_image":[{"width":2560,"height":1920,"url":"https:\/\/notre-quartier.ch\/gruvatiez\/wp-content\/uploads\/sites\/2\/2021\/12\/IMG_8303-scaled.jpg","type":"image\/jpeg"}],"twitter_card":"summary_large_image","twitter_misc":{"Dur\u00e9e de lecture estim\u00e9e":"1 minute"},"schema":{"@context":"https:\/\/schema.org","@graph":[{"@type":"WebPage","@id":"https:\/\/notre-quartier.ch\/gruvatiez\/news\/plantation-darbres-fruitiers\/","url":"https:\/\/notre-quartier.ch\/gruvatiez\/news\/plantation-darbres-fruitiers\/","name":"Plantation d'arbres fruitiers - Gruvatiez - Orbe","isPartOf":{"@id":"https:\/\/notre-quartier.ch\/gruvatiez\/#website"},"primaryImageOfPage":{"@id":"https:\/\/notre-quartier.ch\/gruvatiez\/news\/plantation-darbres-fruitiers\/#primaryimage"},"image":{"@id":"https:\/\/notre-quartier.ch\/gruvatiez\/news\/plantation-darbres-fruitiers\/#primaryimage"},"thumbnailUrl":"https:\/\/notre-quartier.ch\/gruvatiez\/wp-content\/uploads\/sites\/2\/2021\/12\/IMG_8303-scaled.jpg","datePublished":"2021-11-06T11:00:00+00:00","dateModified":"2022-09-21T05:56:22+00:00","breadcrumb":{"@id":"https:\/\/notre-quartier.ch\/gruvatiez\/news\/plantation-darbres-fruitiers\/#breadcrumb"},"inLanguage":"fr-FR","potentialAction":[{"@type":"ReadAction","target":["https:\/\/notre-quartier.ch\/gruvatiez\/news\/plantation-darbres-fruitiers\/"]}]},{"@type":"ImageObject","inLanguage":"fr-FR","@id":"https:\/\/notre-quartier.ch\/gruvatiez\/news\/plantation-darbres-fruitiers\/#primaryimage","url":"https:\/\/notre-quartier.ch\/gruvatiez\/wp-content\/uploads\/sites\/2\/2021\/12\/IMG_8303-scaled.jpg","contentUrl":"https:\/\/notre-quartier.ch\/gruvatiez\/wp-content\/uploads\/sites\/2\/2021\/12\/IMG_8303-scaled.jpg","width":2560,"height":1920},{"@type":"BreadcrumbList","@id":"https:\/\/notre-quartier.ch\/gruvatiez\/news\/plantation-darbres-fruitiers\/#breadcrumb","itemListElement":[{"@type":"ListItem","position":1,"name":"Accueil","item":"https:\/\/notre-quartier.ch\/gruvatiez\/"},{"@type":"ListItem","position":2,"name":"News","item":"https:\/\/notre-quartier.ch\/gruvatiez\/news\/"},{"@type":"ListItem","position":3,"name":"Plantation d&rsquo;arbres fruitiers"}]},{"@type":"WebSite","@id":"https:\/\/notre-quartier.ch\/gruvatiez\/#website","url":"https:\/\/notre-quartier.ch\/gruvatiez\/","name":"Association des habitant\u00b7es de Gruvatiez - Orbe","description":"","publisher":{"@id":"https:\/\/notre-quartier.ch\/gruvatiez\/#organization"},"potentialAction":[{"@type":"SearchAction","target":{"@type":"EntryPoint","urlTemplate":"https:\/\/notre-quartier.ch\/gruvatiez\/?s={search_term_string}"},"query-input":{"@type":"PropertyValueSpecification","valueRequired":true,"valueName":"search_term_string"}}],"inLanguage":"fr-FR"},{"@type":"Organization","@id":"https:\/\/notre-quartier.ch\/gruvatiez\/#organization","name":"Site du Quartier Gruvatiez","alternateName":"Quartier Gruvatiez","url":"https:\/\/notre-quartier.ch\/gruvatiez\/","logo":{"@type":"ImageObject","inLanguage":"fr-FR","@id":"https:\/\/notre-quartier.ch\/gruvatiez\/#\/schema\/logo\/image\/","url":"https:\/\/notre-quartier.ch\/gruvatiez\/wp-content\/uploads\/sites\/2\/2026\/03\/house_gruvatiez.svg","contentUrl":"https:\/\/notre-quartier.ch\/gruvatiez\/wp-content\/uploads\/sites\/2\/2026\/03\/house_gruvatiez.svg","width":78,"height":78,"caption":"Site du Quartier Gruvatiez"},"image":{"@id":"https:\/\/notre-quartier.ch\/gruvatiez\/#\/schema\/logo\/image\/"}}]}},"_links":{"self":[{"href":"https:\/\/notre-quartier.ch\/gruvatiez\/wp-json\/wp\/v2\/news\/4862","targetHints":{"allow":["GET"]}}],"collection":[{"href":"https:\/\/notre-quartier.ch\/gruvatiez\/wp-json\/wp\/v2\/news"}],"about":[{"href":"https:\/\/notre-quartier.ch\/gruvatiez\/wp-json\/wp\/v2\/types\/news"}],"wp:featuredmedia":[{"embeddable":true,"href":"https:\/\/notre-quartier.ch\/gruvatiez\/wp-json\/wp\/v2\/media\/4867"}],"wp:attachment":[{"href":"https:\/\/notre-quartier.ch\/gruvatiez\/wp-json\/wp\/v2\/media?parent=4862"}],"curies":[{"name":"wp","href":"https:\/\/api.w.org\/{rel}","templated":true}]}}