{"id":902,"date":"2025-07-01T16:45:10","date_gmt":"2025-07-01T14:45:10","guid":{"rendered":"https:\/\/notre-quartier.ch\/esplanade\/?post_type=news&#038;p=902"},"modified":"2025-10-15T16:51:39","modified_gmt":"2025-10-15T14:51:39","slug":"elaboration-de-la-fresque","status":"publish","type":"news","link":"https:\/\/notre-quartier.ch\/esplanade\/news\/elaboration-de-la-fresque\/","title":{"rendered":"\u00c9laboration de la fresque"},"content":{"rendered":"\n<p>En juillet 2025, une fresque est apparue dans le quartier !<\/p>\n\n\n\n<p>Fruit du travail de l&rsquo;artiste Kesh, ce projet est le r\u00e9sultat d&rsquo;un \u00e9change entre le propri\u00e9taire et l&rsquo;association afin d&rsquo;amener de la couleur dans le quartier !<\/p>\n\n\n\n<p>Bravo \u00e0 Kesh pour l&rsquo;immense travail r\u00e9alis\u00e9 sous un soleil de plomb !<\/p>\n","protected":false},"featured_media":904,"template":"","meta":{"site-sidebar-layout":"default","site-content-layout":"","ast-site-content-layout":"default","site-content-style":"default","site-sidebar-style":"default","ast-global-header-display":"","ast-banner-title-visibility":"","ast-main-header-display":"","ast-hfb-above-header-display":"","ast-hfb-below-header-display":"","ast-hfb-mobile-header-display":"","site-post-title":"","ast-breadcrumbs-content":"","ast-featured-img":"","footer-sml-layout":"","ast-disable-related-posts":"","theme-transparent-header-meta":"","adv-header-id-meta":"","stick-header-meta":"","header-above-stick-meta":"","header-main-stick-meta":"","header-below-stick-meta":"","astra-migrate-meta-layouts":"default","ast-page-background-enabled":"default","ast-page-background-meta":{"desktop":{"background-color":"var(--ast-global-color-4)","background-image":"","background-repeat":"repeat","background-position":"center center","background-size":"auto","background-attachment":"scroll","background-type":"","background-media":"","overlay-type":"","overlay-color":"","overlay-opacity":"","overlay-gradient":""},"tablet":{"background-color":"","background-image":"","background-repeat":"repeat","background-position":"center center","background-size":"auto","background-attachment":"scroll","background-type":"","background-media":"","overlay-type":"","overlay-color":"","overlay-opacity":"","overlay-gradient":""},"mobile":{"background-color":"","background-image":"","background-repeat":"repeat","background-position":"center center","background-size":"auto","background-attachment":"scroll","background-type":"","background-media":"","overlay-type":"","overlay-color":"","overlay-opacity":"","overlay-gradient":""}},"ast-content-background-meta":{"desktop":{"background-color":"var(--ast-global-color-5)","background-image":"","background-repeat":"repeat","background-position":"center center","background-size":"auto","background-attachment":"scroll","background-type":"","background-media":"","overlay-type":"","overlay-color":"","overlay-opacity":"","overlay-gradient":""},"tablet":{"background-color":"var(--ast-global-color-5)","background-image":"","background-repeat":"repeat","background-position":"center center","background-size":"auto","background-attachment":"scroll","background-type":"","background-media":"","overlay-type":"","overlay-color":"","overlay-opacity":"","overlay-gradient":""},"mobile":{"background-color":"var(--ast-global-color-5)","background-image":"","background-repeat":"repeat","background-position":"center center","background-size":"auto","background-attachment":"scroll","background-type":"","background-media":"","overlay-type":"","overlay-color":"","overlay-opacity":"","overlay-gradient":""}}},"class_list":["post-902","news","type-news","status-publish","has-post-thumbnail","hentry"],"yoast_head":"<!-- This site is optimized with the Yoast SEO plugin v27.2 - https:\/\/yoast.com\/product\/yoast-seo-wordpress\/ -->\n<title>\u00c9laboration de la fresque - Esplanade<\/title>\n<meta name=\"robots\" content=\"index, follow, max-snippet:-1, max-image-preview:large, max-video-preview:-1\" \/>\n<link rel=\"canonical\" href=\"https:\/\/notre-quartier.ch\/esplanade\/news\/elaboration-de-la-fresque\/\" \/>\n<meta property=\"og:locale\" content=\"fr_FR\" \/>\n<meta property=\"og:type\" content=\"article\" \/>\n<meta property=\"og:title\" content=\"\u00c9laboration de la fresque - Esplanade\" \/>\n<meta property=\"og:description\" content=\"En juillet 2025, une fresque est apparue dans le quartier ! Fruit du travail de l&rsquo;artiste Kesh, ce projet est le r\u00e9sultat d&rsquo;un \u00e9change entre le propri\u00e9taire et l&rsquo;association afin [&hellip;]\" \/>\n<meta property=\"og:url\" content=\"https:\/\/notre-quartier.ch\/esplanade\/news\/elaboration-de-la-fresque\/\" \/>\n<meta property=\"og:site_name\" content=\"Esplanade\" \/>\n<meta property=\"article:modified_time\" content=\"2025-10-15T14:51:39+00:00\" \/>\n<meta property=\"og:image\" content=\"https:\/\/notre-quartier.ch\/esplanade\/wp-content\/uploads\/sites\/9\/2025\/10\/Fresque-etape-2.jpeg\" \/>\n\t<meta property=\"og:image:width\" content=\"1600\" \/>\n\t<meta property=\"og:image:height\" content=\"1200\" \/>\n\t<meta property=\"og:image:type\" content=\"image\/jpeg\" \/>\n<meta name=\"twitter:card\" content=\"summary_large_image\" \/>\n<script type=\"application\/ld+json\" class=\"yoast-schema-graph\">{\"@context\":\"https:\/\/schema.org\",\"@graph\":[{\"@type\":\"WebPage\",\"@id\":\"https:\/\/notre-quartier.ch\/esplanade\/news\/elaboration-de-la-fresque\/\",\"url\":\"https:\/\/notre-quartier.ch\/esplanade\/news\/elaboration-de-la-fresque\/\",\"name\":\"\u00c9laboration de la fresque - Esplanade\",\"isPartOf\":{\"@id\":\"https:\/\/notre-quartier.ch\/esplanade\/#website\"},\"primaryImageOfPage\":{\"@id\":\"https:\/\/notre-quartier.ch\/esplanade\/news\/elaboration-de-la-fresque\/#primaryimage\"},\"image\":{\"@id\":\"https:\/\/notre-quartier.ch\/esplanade\/news\/elaboration-de-la-fresque\/#primaryimage\"},\"thumbnailUrl\":\"https:\/\/notre-quartier.ch\/esplanade\/wp-content\/uploads\/sites\/9\/2025\/10\/Fresque-etape-2.jpeg\",\"datePublished\":\"2025-07-01T14:45:10+00:00\",\"dateModified\":\"2025-10-15T14:51:39+00:00\",\"breadcrumb\":{\"@id\":\"https:\/\/notre-quartier.ch\/esplanade\/news\/elaboration-de-la-fresque\/#breadcrumb\"},\"inLanguage\":\"fr-FR\",\"potentialAction\":[{\"@type\":\"ReadAction\",\"target\":[\"https:\/\/notre-quartier.ch\/esplanade\/news\/elaboration-de-la-fresque\/\"]}]},{\"@type\":\"ImageObject\",\"inLanguage\":\"fr-FR\",\"@id\":\"https:\/\/notre-quartier.ch\/esplanade\/news\/elaboration-de-la-fresque\/#primaryimage\",\"url\":\"https:\/\/notre-quartier.ch\/esplanade\/wp-content\/uploads\/sites\/9\/2025\/10\/Fresque-etape-2.jpeg\",\"contentUrl\":\"https:\/\/notre-quartier.ch\/esplanade\/wp-content\/uploads\/sites\/9\/2025\/10\/Fresque-etape-2.jpeg\",\"width\":1600,\"height\":1200},{\"@type\":\"BreadcrumbList\",\"@id\":\"https:\/\/notre-quartier.ch\/esplanade\/news\/elaboration-de-la-fresque\/#breadcrumb\",\"itemListElement\":[{\"@type\":\"ListItem\",\"position\":1,\"name\":\"Accueil\",\"item\":\"https:\/\/notre-quartier.ch\/esplanade\/\"},{\"@type\":\"ListItem\",\"position\":2,\"name\":\"News\",\"item\":\"https:\/\/notre-quartier.ch\/esplanade\/news\/\"},{\"@type\":\"ListItem\",\"position\":3,\"name\":\"\u00c9laboration de la fresque\"}]},{\"@type\":\"WebSite\",\"@id\":\"https:\/\/notre-quartier.ch\/esplanade\/#website\",\"url\":\"https:\/\/notre-quartier.ch\/esplanade\/\",\"name\":\"Esplanade\",\"description\":\"\",\"potentialAction\":[{\"@type\":\"SearchAction\",\"target\":{\"@type\":\"EntryPoint\",\"urlTemplate\":\"https:\/\/notre-quartier.ch\/esplanade\/?s={search_term_string}\"},\"query-input\":{\"@type\":\"PropertyValueSpecification\",\"valueRequired\":true,\"valueName\":\"search_term_string\"}}],\"inLanguage\":\"fr-FR\"}]}<\/script>\n<!-- \/ Yoast SEO plugin. -->","yoast_head_json":{"title":"\u00c9laboration de la fresque - Esplanade","robots":{"index":"index","follow":"follow","max-snippet":"max-snippet:-1","max-image-preview":"max-image-preview:large","max-video-preview":"max-video-preview:-1"},"canonical":"https:\/\/notre-quartier.ch\/esplanade\/news\/elaboration-de-la-fresque\/","og_locale":"fr_FR","og_type":"article","og_title":"\u00c9laboration de la fresque - Esplanade","og_description":"En juillet 2025, une fresque est apparue dans le quartier ! Fruit du travail de l&rsquo;artiste Kesh, ce projet est le r\u00e9sultat d&rsquo;un \u00e9change entre le propri\u00e9taire et l&rsquo;association afin [&hellip;]","og_url":"https:\/\/notre-quartier.ch\/esplanade\/news\/elaboration-de-la-fresque\/","og_site_name":"Esplanade","article_modified_time":"2025-10-15T14:51:39+00:00","og_image":[{"width":1600,"height":1200,"url":"https:\/\/notre-quartier.ch\/esplanade\/wp-content\/uploads\/sites\/9\/2025\/10\/Fresque-etape-2.jpeg","type":"image\/jpeg"}],"twitter_card":"summary_large_image","schema":{"@context":"https:\/\/schema.org","@graph":[{"@type":"WebPage","@id":"https:\/\/notre-quartier.ch\/esplanade\/news\/elaboration-de-la-fresque\/","url":"https:\/\/notre-quartier.ch\/esplanade\/news\/elaboration-de-la-fresque\/","name":"\u00c9laboration de la fresque - Esplanade","isPartOf":{"@id":"https:\/\/notre-quartier.ch\/esplanade\/#website"},"primaryImageOfPage":{"@id":"https:\/\/notre-quartier.ch\/esplanade\/news\/elaboration-de-la-fresque\/#primaryimage"},"image":{"@id":"https:\/\/notre-quartier.ch\/esplanade\/news\/elaboration-de-la-fresque\/#primaryimage"},"thumbnailUrl":"https:\/\/notre-quartier.ch\/esplanade\/wp-content\/uploads\/sites\/9\/2025\/10\/Fresque-etape-2.jpeg","datePublished":"2025-07-01T14:45:10+00:00","dateModified":"2025-10-15T14:51:39+00:00","breadcrumb":{"@id":"https:\/\/notre-quartier.ch\/esplanade\/news\/elaboration-de-la-fresque\/#breadcrumb"},"inLanguage":"fr-FR","potentialAction":[{"@type":"ReadAction","target":["https:\/\/notre-quartier.ch\/esplanade\/news\/elaboration-de-la-fresque\/"]}]},{"@type":"ImageObject","inLanguage":"fr-FR","@id":"https:\/\/notre-quartier.ch\/esplanade\/news\/elaboration-de-la-fresque\/#primaryimage","url":"https:\/\/notre-quartier.ch\/esplanade\/wp-content\/uploads\/sites\/9\/2025\/10\/Fresque-etape-2.jpeg","contentUrl":"https:\/\/notre-quartier.ch\/esplanade\/wp-content\/uploads\/sites\/9\/2025\/10\/Fresque-etape-2.jpeg","width":1600,"height":1200},{"@type":"BreadcrumbList","@id":"https:\/\/notre-quartier.ch\/esplanade\/news\/elaboration-de-la-fresque\/#breadcrumb","itemListElement":[{"@type":"ListItem","position":1,"name":"Accueil","item":"https:\/\/notre-quartier.ch\/esplanade\/"},{"@type":"ListItem","position":2,"name":"News","item":"https:\/\/notre-quartier.ch\/esplanade\/news\/"},{"@type":"ListItem","position":3,"name":"\u00c9laboration de la fresque"}]},{"@type":"WebSite","@id":"https:\/\/notre-quartier.ch\/esplanade\/#website","url":"https:\/\/notre-quartier.ch\/esplanade\/","name":"Esplanade","description":"","potentialAction":[{"@type":"SearchAction","target":{"@type":"EntryPoint","urlTemplate":"https:\/\/notre-quartier.ch\/esplanade\/?s={search_term_string}"},"query-input":{"@type":"PropertyValueSpecification","valueRequired":true,"valueName":"search_term_string"}}],"inLanguage":"fr-FR"}]}},"_links":{"self":[{"href":"https:\/\/notre-quartier.ch\/esplanade\/wp-json\/wp\/v2\/news\/902","targetHints":{"allow":["GET"]}}],"collection":[{"href":"https:\/\/notre-quartier.ch\/esplanade\/wp-json\/wp\/v2\/news"}],"about":[{"href":"https:\/\/notre-quartier.ch\/esplanade\/wp-json\/wp\/v2\/types\/news"}],"wp:featuredmedia":[{"embeddable":true,"href":"https:\/\/notre-quartier.ch\/esplanade\/wp-json\/wp\/v2\/media\/904"}],"wp:attachment":[{"href":"https:\/\/notre-quartier.ch\/esplanade\/wp-json\/wp\/v2\/media?parent=902"}],"curies":[{"name":"wp","href":"https:\/\/api.w.org\/{rel}","templated":true}]}}